{"id":18,"date":"2009-07-18T12:58:34","date_gmt":"2009-07-18T11:58:34","guid":{"rendered":"http:\/\/sobreviviendoenshanghai.rodeiroag.es\/?p=18"},"modified":"2011-10-15T17:50:48","modified_gmt":"2011-10-15T16:50:48","slug":"me-duelen-las-piernas","status":"publish","type":"post","link":"https:\/\/www.rodeiroag.es\/Blogs\/Zaloa\/me-duelen-las-piernas\/","title":{"rendered":"Me duelen las piernas!"},"content":{"rendered":"<p>Hola a todos,<\/p>\n<p>Acabamos de llegar a Shanghai, hace un calor que te mueres y me duelen las piernas un mont\u00f3n.<\/p>\n<p>Comencemos:<\/p>\n<p>Salida desde Bilbao destino Frankfurt. Un vuelo breve y sin contratiempos que no tuvo m\u00e1s incidencias propias de los eXtreses de E que se me altera a la m\u00ednima. Tenemos que decir en su favor que a J no lo estresa\u00a0 ni la gripe de pollo o de cerdo que tampoco tengo claro cual es la de ahora.<\/p>\n<p>Ten\u00edamos que esperar en Frankfurt durante nueve horas (luego fueron 8 por un retraso en el tr\u00e1fico a\u00e9reo) En ocho horas no se puede conocer mucho pero Frankfurt es me he dado cuenta que no tiene para nada personalidad. Hasta los espejos son sin personalidad.<\/p>\n<p style=\"text-align: center;\"><img loading=\"lazy\" decoding=\"async\" class=\"size-full wp-image-19 aligncenter\" title=\"Espejos Frankfurt\" src=\"http:\/\/www.rodeiroag.es\/Blogs\/Zaloa\/wp-content\/uploads\/2009\/07\/Frankfurt_020.JPG\" alt=\"Espejos Frankfurt\" width=\"480\" height=\"360\" \/><\/p>\n<p>Pero como os dije yo soy el de los picados y E la de las fotos art\u00edsticas.<\/p>\n<p style=\"text-align: center;\"><img loading=\"lazy\" decoding=\"async\" class=\"size-full wp-image-24 aligncenter\" title=\"Caretos Frankfurt\" src=\"http:\/\/www.rodeiroag.es\/Blogs\/Zaloa\/wp-content\/uploads\/2009\/07\/DMC-FX01-Frankfurt_015.JPG\" alt=\"Caretos Frankfurt\" width=\"480\" height=\"360\" \/><\/p>\n<p>y esta es la m\u00eda, no s\u00e9 que edificio es pero era muy guapo.<\/p>\n<p style=\"text-align: center;\"><img loading=\"lazy\" decoding=\"async\" class=\"aligncenter size-full wp-image-25\" title=\"Frankfurt\" src=\"http:\/\/www.rodeiroag.es\/Blogs\/Zaloa\/wp-content\/uploads\/2009\/07\/Frankfurt_009.JPG\" alt=\"Frankfurt\" width=\"360\" height=\"480\" \/><\/p>\n<p>Ahora nos vamos a cenar que tengo mucha hambre.<\/p>\n<p>Un Saludo a todos.<\/p>\n","protected":false},"excerpt":{"rendered":"<p>Hola a todos, Acabamos de llegar a Shanghai, hace un calor que te mueres y me duelen las piernas un mont\u00f3n. Comencemos: Salida desde Bilbao destino Frankfurt. Un vuelo breve y sin contratiempos que no tuvo m\u00e1s incidencias propias de los eXtreses de E que se me altera a la m\u00ednima. Tenemos que decir en <a href=\"https:\/\/www.rodeiroag.es\/Blogs\/Zaloa\/me-duelen-las-piernas\/\">Continue reading &#8594;<\/a><\/p>\n","protected":false},"author":1,"featured_media":0,"comment_status":"open","ping_status":"open","sticky":false,"template":"","format":"standard","meta":{"footnotes":""},"categories":[8],"tags":[9,10,11],"class_list":["post-18","post","type-post","status-publish","format-standard","hentry","category-llegada","tag-caminatas","tag-ciudades","tag-fotos"],"_links":{"self":[{"href":"https:\/\/www.rodeiroag.es\/Blogs\/Zaloa\/wp-json\/wp\/v2\/posts\/18","targetHints":{"allow":["GET"]}}],"collection":[{"href":"https:\/\/www.rodeiroag.es\/Blogs\/Zaloa\/wp-json\/wp\/v2\/posts"}],"about":[{"href":"https:\/\/www.rodeiroag.es\/Blogs\/Zaloa\/wp-json\/wp\/v2\/types\/post"}],"author":[{"embeddable":true,"href":"https:\/\/www.rodeiroag.es\/Blogs\/Zaloa\/wp-json\/wp\/v2\/users\/1"}],"replies":[{"embeddable":true,"href":"https:\/\/www.rodeiroag.es\/Blogs\/Zaloa\/wp-json\/wp\/v2\/comments?post=18"}],"version-history":[{"count":9,"href":"https:\/\/www.rodeiroag.es\/Blogs\/Zaloa\/wp-json\/wp\/v2\/posts\/18\/revisions"}],"predecessor-version":[{"id":28,"href":"https:\/\/www.rodeiroag.es\/Blogs\/Zaloa\/wp-json\/wp\/v2\/posts\/18\/revisions\/28"}],"wp:attachment":[{"href":"https:\/\/www.rodeiroag.es\/Blogs\/Zaloa\/wp-json\/wp\/v2\/media?parent=18"}],"wp:term":[{"taxonomy":"category","embeddable":true,"href":"https:\/\/www.rodeiroag.es\/Blogs\/Zaloa\/wp-json\/wp\/v2\/categories?post=18"},{"taxonomy":"post_tag","embeddable":true,"href":"https:\/\/www.rodeiroag.es\/Blogs\/Zaloa\/wp-json\/wp\/v2\/tags?post=18"}],"curies":[{"name":"wp","href":"https:\/\/api.w.org\/{rel}","templated":true}]}}